{"id":4619,"date":"2026-01-25T08:21:57","date_gmt":"2026-01-25T07:21:57","guid":{"rendered":"https:\/\/biennourrirsonchien.com\/quels-legumes-et-feculents-integrer-dans-une-ration-menagere\/"},"modified":"2026-01-25T08:21:57","modified_gmt":"2026-01-25T07:21:57","slug":"quels-legumes-et-feculents-integrer-dans-une-ration-menagere","status":"publish","type":"post","link":"https:\/\/biennourrirsonchien.com\/blog\/quels-legumes-et-feculents-integrer-dans-une-ration-menagere\/","title":{"rendered":"Quels l\u00e9gumes et f\u00e9culents choisir pour une ration m\u00e9nag\u00e8re \u00e9quilibr\u00e9e ?"},"content":{"rendered":"<p><body><\/p>\n<p>Il n\u2019est jamais simple de savoir <strong>quels l\u00e9gumes et f\u00e9culents int\u00e9grer dans une ration m\u00e9nag\u00e8re<\/strong> pour son chien sans risquer d\u2019erreurs nutritionnelles ou de choisir des ingr\u00e9dients inadapt\u00e9s. <\/p>\n<p>Pour offrir \u00e0 votre compagnon une alimentation maison \u00e9quilibr\u00e9e, il convient de privil\u00e9gier des l\u00e9gumes comme la courgette, la carotte, le haricot vert ou la courge, qui sont digestes et riches en fibres. C\u00f4t\u00e9 f\u00e9culents, le riz bien cuit, les p\u00e2tes sans sauce, la patate douce ou les pommes de terre (cuits, sans peau) peuvent \u00eatre propos\u00e9s en quantit\u00e9 adapt\u00e9e. Le bon \u00e9quilibre repose essentiellement sur la vari\u00e9t\u00e9, la cuisson et la proportion de chaque groupe d\u2019aliments selon les besoins sp\u00e9cifiques de votre chien. <\/p>\n<p>Dans la suite de cet article, nous d\u00e9taillerons pr\u00e9cis\u00e9ment comment choisir et pr\u00e9parer chaque l\u00e9gume et f\u00e9culent pour garantir une ration m\u00e9nag\u00e8re saine et savoureuse \u00e0 votre chien tout en \u00e9vitant les erreurs courantes.<\/p>\n<p><\/body><\/p>\n<h2>Quels l\u00e9gumes int\u00e9grer dans une ration m\u00e9nag\u00e8re pour chien ?<\/h2>\n<p>\nPour r\u00e9ussir une <strong>ration m\u00e9nag\u00e8re<\/strong> \u00e9quilibr\u00e9e, le choix des <strong>l\u00e9gumes<\/strong> est essentiel. Tous ne se valent pas et certains doivent \u00eatre \u00e9vit\u00e9s. Retenons surtout ceux qui apportent fibres, vitamines et une bonne digestibilit\u00e9, sans risque pour la sant\u00e9 de votre compagnon.\n<\/p>\n<p>\nLa <strong>courgette<\/strong> fait figure de r\u00e9f\u00e9rence : peu calorique, riche en eau et en fibres douces, elle favorise la sati\u00e9t\u00e9 tout en m\u00e9nageant les intestins du chien. La <strong>carotte<\/strong> est aussi tr\u00e8s appr\u00e9ci\u00e9e pour ses apports en b\u00eatacarot\u00e8nes, qui soutiennent la vision et l\u2019immunit\u00e9 (source\u00a0: NRC, Nutrient Requirements of Dogs and Cats, 2006).\n<\/p>\n<p>\nLe <strong>haricot vert<\/strong> est parfait pour apporter du volume \u00e0 la gamelle tout en limitant l\u2019apport calorique\u202f; ses fibres solubles participent \u00e0 une bonne r\u00e9gulation du transit. Enfin, la <strong>courge<\/strong> (potiron, butternut) apporte de la douceur, des fibres et de la vitamine A.\n<\/p>\n<p>\nOn peut \u00e9galement alterner avec de petites quantit\u00e9s de <strong>fenouil<\/strong> (effet digestif), <strong>brocoli<\/strong> (toujours bien cuit), <strong>concombre<\/strong> (pour l\u2019hydratation l\u2019\u00e9t\u00e9), ou <strong>\u00e9pinards<\/strong> (en petite quantit\u00e9 pour varier les apports en min\u00e9raux, mais jamais en exc\u00e8s \u00e0 cause de leur richesse en oxalates).\n<\/p>\n<h3>L\u00e9gumes \u00e0 \u00e9viter ou \u00e0 limiter<\/h3>\n<p>\n\u00c9vitez absolument les l\u00e9gumes toxiques pour le chien\u202f: l\u2019<strong>oignon<\/strong>, l\u2019<strong>ail<\/strong>, le <strong>poireau<\/strong>, la <strong>pomme de terre crue<\/strong>, et l\u2019<strong>aubergine crue<\/strong>. Ces ingr\u00e9dients contiennent des substances nocives pour les globules rouges ou le syst\u00e8me digestif canin (source\u00a0: AFSSA, 2005).\n<\/p>\n<p>\nPar ailleurs, limitez les <strong>l\u00e9gumes crucif\u00e8res<\/strong> (choux) et les <strong>l\u00e9gumineuses<\/strong> en exc\u00e8s, qui peuvent entra\u00eener des troubles de la digestion et des flatulences si la ration n\u2019est pas bien adapt\u00e9e.\n<\/p>\n<h3>Comment pr\u00e9parer les l\u00e9gumes pour son chien\u202f?<\/h3>\n<p>\nPrivil\u00e9giez toujours la <strong>cuisson \u00e0 la vapeur<\/strong> ou \u00e0 l\u2019eau afin de faciliter la digestion et d\u2019\u00e9liminer une partie des facteurs antinutritionnels pr\u00e9sents dans certains v\u00e9g\u00e9taux. Les l\u00e9gumes doivent \u00eatre coup\u00e9s en d\u00e9s ou mix\u00e9s, surtout pour les chiens sensibles ou de petite taille, afin de garantir un apport optimal en fibres et nutriments.\n<\/p>\n<p>\nEn pratique, la part des l\u00e9gumes doit repr\u00e9senter 10 \u00e0 20\u202f% de la ration totale chez un chien adulte en bonne sant\u00e9.\n<\/p>\n<h2>Quels f\u00e9culents inclure dans une ration m\u00e9nag\u00e8re\u202f?<\/h2>\n<p>\nLes <strong>f\u00e9culents<\/strong> apportent l\u2019\u00e9nergie n\u00e9cessaire au quotidien du chien et optimisent la tol\u00e9rance digestive de la ration maison, \u00e0 condition d\u2019\u00eatre bien choisis et cuits convenablement.\n<\/p>\n<p>\nLe <strong>riz blanc tr\u00e8s cuit<\/strong> est la base la plus classique\u202f: il est digeste, pauvre en fibres irritantes et bien tol\u00e9r\u00e9. Les <strong>p\u00e2tes<\/strong> (sans sauce ni sel ajout\u00e9) peuvent varier les plaisirs, tout comme la <strong>semoule<\/strong> ou le <strong>quinoa<\/strong> (non d\u00e9conseill\u00e9, malgr\u00e9 sa teneur en prot\u00e9ines v\u00e9g\u00e9tales, s\u2019il accompagne une ration bien dos\u00e9e).\n<\/p>\n<p>\nLa <strong>patate douce<\/strong> est de plus en plus pl\u00e9biscit\u00e9e pour sa richesse en glucides complexes, en antioxydants et en fibres solubles\u202f; elle offre l\u2019avantage d\u2019avoir un index glyc\u00e9mique plus bas que la pomme de terre classique. \u00c0 signaler\u202f: la <strong>pomme de terre<\/strong> cuite (toujours sans la peau, toxique) peut \u00e9galement \u00eatre int\u00e9gr\u00e9e de fa\u00e7on ponctuelle conforme \u00e0 l\u2019ouvrage \u00ab\u00a0Guide de l\u2019alimentation canine\u00a0\u00bb (Guillermo R. Risso, 2017).\n<\/p>\n<p>\nLes dogs sportifs ou tr\u00e8s actifs tol\u00e8rent parfois un pourcentage plus \u00e9lev\u00e9 de f\u00e9culents dans la ration, \u00e0 adapter en fonction de leurs besoins \u00e9nerg\u00e9tiques sp\u00e9cifiques.\n<\/p>\n<h3>Quels f\u00e9culents \u00e9viter ou limiter\u202f?<\/h3>\n<p>\nOn \u00e9vite les <strong>f\u00e9culents crus<\/strong>, leur amidon n\u2019\u00e9tant pas assimilable par l\u2019organisme canin. D\u2019autre part, le <strong>ma\u00efs<\/strong> et le <strong>bl\u00e9<\/strong> sont \u00e0 manier avec prudence en cas d\u2019allergie ou d\u2019intol\u00e9rance (notamment chez certaines races surrepr\u00e9sent\u00e9es, comme le Boxer). Quant aux l\u00e9gumineuses (lentilles, pois), elles doivent rester minoritaires du fait de leur pouvoir flatulent et de leur richesse en facteurs antinutritionnels.\n<\/p>\n<p>\nAttention \u00e9galement aux produits transform\u00e9s, aux f\u00e9culents frits ou assaisonn\u00e9s, qui n\u2019ont pas leur place dans l\u2019alimentation du chien.\n<\/p>\n<h3>Proportions et pr\u00e9paration des f\u00e9culents<\/h3>\n<p>\nId\u00e9alement, la part des <strong>f\u00e9culents<\/strong> se situe entre 30 \u00e0 40\u202f% de la ration totale, \u00e0 ajuster selon l\u2019activit\u00e9 physique, l\u2019\u00e2ge et la condition corporelle du chien (source interne\u202f: recommandations AFVAC, 2019). La cuisson doit toujours \u00eatre pouss\u00e9e pour garantir une digestibilit\u00e9 maximale\u202f: f\u00e9culent \u201cal dente\u201d, c\u2019est pour les humains !\n<\/p>\n<h2>Tableau r\u00e9capitulatif des l\u00e9gumes et f\u00e9culents adapt\u00e9s \u00e0 la ration m\u00e9nag\u00e8re canine<\/h2>\n<table border=\"1\" cellpadding=\"6\" cellspacing=\"0\">\n<tr>\n<th>L\u00e9gume conseill\u00e9<\/th>\n<th>Bienfait nutritionnel<\/th>\n<th>Mode de pr\u00e9paration<\/th>\n<th>A \u00e9viter \/ Limites<\/th>\n<\/tr>\n<tr>\n<td><strong>Courgette<\/strong><\/td>\n<td>Hydratation, fibres douces<\/td>\n<td>Cuisson vapeur, en d\u00e9s<\/td>\n<td>Rarement intol\u00e9rante, tr\u00e8s s\u00fbre<\/td>\n<\/tr>\n<tr>\n<td><strong>Carotte<\/strong><\/td>\n<td>B\u00eatacarot\u00e8nes, fibres<\/td>\n<td>Cuite, coup\u00e9e\/souvent mix\u00e9e<\/td>\n<td>Toujours cuite, sinon dure \u00e0 dig\u00e9rer<\/td>\n<\/tr>\n<tr>\n<td><strong>Haricot vert<\/strong><\/td>\n<td>Fibres, aide \u00e0 la sati\u00e9t\u00e9<\/td>\n<td>Bien cuit, en morceaux<\/td>\n<td>A \u00e9viter cru <\/td>\n<\/tr>\n<tr>\n<td><strong>Courge<\/strong><\/td>\n<td>Vitamine A, digestibilit\u00e9<\/td>\n<td>En pur\u00e9e ou petits cubes cuits<\/td>\n<td>Attention aux exc\u00e8s (diarrh\u00e9e)<\/td>\n<\/tr>\n<tr>\n<th>F\u00e9culent conseill\u00e9<\/th>\n<th>Bienfait nutritionnel<\/th>\n<th>Mode de pr\u00e9paration<\/th>\n<th>A \u00e9viter \/ Limites<\/th>\n<\/tr>\n<tr>\n<td><strong>Riz blanc<\/strong><\/td>\n<td>Digestibilit\u00e9, \u00e9nergie<\/td>\n<td>Tr\u00e8s cuit<\/td>\n<td>Limiter surpoids\/diab\u00e8te<\/td>\n<\/tr>\n<tr>\n<td><strong>P\u00e2tes<\/strong><\/td>\n<td>Glucides lents<\/td>\n<td>Bien cuites, nature<\/td>\n<td>Sensibles au gluten\u202f: vigilance<\/td>\n<\/tr>\n<tr>\n<td><strong>Patate douce<\/strong><\/td>\n<td>Fibres solubles, antioxydants<\/td>\n<td>Cuite, pel\u00e9e, coup\u00e9e ou \u00e9cras\u00e9e<\/td>\n<td>Ne jamais donner crue<\/td>\n<\/tr>\n<tr>\n<td><strong>Pomme de terre<\/strong><\/td>\n<td>\u00c9nergie, variation<\/td>\n<td>Cuite, jamais la peau<\/td>\n<td>Toxique crue\/peau<\/td>\n<\/tr>\n<\/table>\n<p><\/p>\n<h2>Adapter la ration m\u00e9nag\u00e8re aux besoins du chien<\/h2>\n<p>\nLa s\u00e9lection des <strong>l\u00e9gumes et f\u00e9culents<\/strong> ne se fait jamais au hasard. Chaque chien est unique et ses besoins varient selon sa race, son \u00e2ge, son activit\u00e9 et ses sensibilit\u00e9s digestives. Il est donc vivement recommand\u00e9 de solliciter un <strong>v\u00e9t\u00e9rinaire ou un sp\u00e9cialiste en nutrition canine<\/strong> pour valider vos choix et ajuster les quantit\u00e9s, garantissant l\u2019\u00e9quilibre entre \u00e9nergie, fibres, vitamines, min\u00e9raux et plaisir.\n<\/p>\n<p>\nN\u2019oubliez pas que l\u2019introduction de tout nouvel ingr\u00e9dient se fait progressivement, sur plusieurs jours, afin d\u2019\u00e9viter les troubles digestifs. Optez pour une diversit\u00e9 raisonn\u00e9e, la cl\u00e9 d\u2019une <strong>alimentation maison r\u00e9ellement b\u00e9n\u00e9fique<\/strong> pour votre chien.\n<\/p>\n<h2>Sources utilis\u00e9es.<\/h2>\n<ul>\n<li>Source interne\u202f: litt\u00e9rature v\u00e9t\u00e9rinaire \/ nutrition canine<\/li>\n<li>Nutrient Requirements of Dogs and Cats, NRC, 2006<\/li>\n<li>Guide de l\u2019alimentation canine, Guillermo R. Risso, 2017<\/li>\n<li>AFSSA, \u00ab\u202fAlimentation du chien et du chat\u202f\u00bb, rapport 2005<\/li>\n<li>Recommandations pratiques en nutrition animale, AFVAC, 2019<\/li>\n<li>Donn\u00e9es issues des fichiers fournis par l\u2019utilisateur<\/li>\n<\/ul>\n<p><\/p>\n","protected":false},"excerpt":{"rendered":"<p>Il n\u2019est jamais simple de savoir quels l\u00e9gumes et f\u00e9culents int\u00e9grer dans une ration m\u00e9nag\u00e8re pour son chien sans risquer&#8230;<\/p>\n","protected":false},"author":2,"featured_media":4618,"comment_status":"","ping_status":"","sticky":false,"template":"","format":"standard","meta":{"_kadence_starter_templates_imported_post":false,"_kad_post_transparent":"","_kad_post_title":"","_kad_post_layout":"","_kad_post_sidebar_id":"","_kad_post_content_style":"","_kad_post_vertical_padding":"","_kad_post_feature":"","_kad_post_feature_position":"","_kad_post_header":false,"_kad_post_footer":false,"_kad_post_classname":"","footnotes":""},"categories":[58],"tags":[],"class_list":["post-4619","post","type-post","status-publish","format-standard","has-post-thumbnail","hentry","category-nourrir-son-chien"],"_yoast_wpseo_metadesc":"D\u00e9couvrez quels l\u00e9gumes et f\u00e9culents choisir pour une ration m\u00e9nag\u00e8re \u00e9quilibr\u00e9e, savoureuse et adapt\u00e9e \u00e0 toute la famille. Optimisez votre alimentation d\u00e8s maintenant.","_yoast_wpseo_primary_category":null,"_yoast_wpseo_focuskw":"Quels l\u00e9gumes et f\u00e9culents int\u00e9grer dans une ration m\u00e9nag\u00e8re ?","_yoast_wpseo_title":"\u25b7 Quels l\u00e9gumes et f\u00e9culents choisir pour une ration m\u00e9nag\u00e8re \u00e9quilibr\u00e9e ? (%%currentyear%%)","yoast_head":"<!-- This site is optimized with the Yoast SEO plugin v27.5 - https:\/\/yoast.com\/product\/yoast-seo-wordpress\/ -->\n<title>\u25b7 Quels l\u00e9gumes et f\u00e9culents choisir pour une ration m\u00e9nag\u00e8re \u00e9quilibr\u00e9e ? (2026)<\/title>\n<meta name=\"description\" content=\"D\u00e9couvrez quels l\u00e9gumes et f\u00e9culents choisir pour une ration m\u00e9nag\u00e8re \u00e9quilibr\u00e9e, savoureuse et adapt\u00e9e \u00e0 toute la famille. Optimisez votre alimentation d\u00e8s maintenant.\" \/>\n<meta name=\"robots\" content=\"index, follow, max-snippet:-1, max-image-preview:large, max-video-preview:-1\" \/>\n<link rel=\"canonical\" href=\"https:\/\/biennourrirsonchien.com\/blog\/quels-legumes-et-feculents-integrer-dans-une-ration-menagere\/\" \/>\n<meta property=\"og:locale\" content=\"fr_FR\" \/>\n<meta property=\"og:type\" content=\"article\" \/>\n<meta property=\"og:title\" content=\"\u25b7 Quels l\u00e9gumes et f\u00e9culents choisir pour une ration m\u00e9nag\u00e8re \u00e9quilibr\u00e9e ? (2026)\" \/>\n<meta property=\"og:description\" content=\"D\u00e9couvrez quels l\u00e9gumes et f\u00e9culents choisir pour une ration m\u00e9nag\u00e8re \u00e9quilibr\u00e9e, savoureuse et adapt\u00e9e \u00e0 toute la famille. Optimisez votre alimentation d\u00e8s maintenant.\" \/>\n<meta property=\"og:url\" content=\"https:\/\/biennourrirsonchien.com\/blog\/quels-legumes-et-feculents-integrer-dans-une-ration-menagere\/\" \/>\n<meta property=\"og:site_name\" content=\"Bien Nourrir Son Chien\" \/>\n<meta property=\"article:published_time\" content=\"2026-01-25T07:21:57+00:00\" \/>\n<meta property=\"og:image\" content=\"https:\/\/biennourrirsonchien.com\/blog\/wp-content\/uploads\/2026\/01\/Quels-legumes-et-feculents-integrer-dans-une-ration-menagere-.jpg\" \/>\n\t<meta property=\"og:image:width\" content=\"1152\" \/>\n\t<meta property=\"og:image:height\" content=\"768\" \/>\n\t<meta property=\"og:image:type\" content=\"image\/jpeg\" \/>\n<meta name=\"author\" content=\"Jules\" \/>\n<meta name=\"twitter:card\" content=\"summary_large_image\" \/>\n<meta name=\"twitter:label1\" content=\"\u00c9crit par\" \/>\n\t<meta name=\"twitter:data1\" content=\"Jules\" \/>\n\t<meta name=\"twitter:label2\" content=\"Dur\u00e9e de lecture estim\u00e9e\" \/>\n\t<meta name=\"twitter:data2\" content=\"6 minutes\" \/>\n<script type=\"application\/ld+json\" class=\"yoast-schema-graph\">{\"@context\":\"https:\\\/\\\/schema.org\",\"@graph\":[{\"@type\":\"Article\",\"@id\":\"https:\\\/\\\/biennourrirsonchien.com\\\/blog\\\/quels-legumes-et-feculents-integrer-dans-une-ration-menagere\\\/#article\",\"isPartOf\":{\"@id\":\"https:\\\/\\\/biennourrirsonchien.com\\\/blog\\\/quels-legumes-et-feculents-integrer-dans-une-ration-menagere\\\/\"},\"author\":{\"name\":\"Jules\",\"@id\":\"https:\\\/\\\/biennourrirsonchien.com\\\/blog\\\/#\\\/schema\\\/person\\\/8717884aab63cdd1e3cf318ebd5f6059\"},\"headline\":\"Quels l\u00e9gumes et f\u00e9culents choisir pour une ration m\u00e9nag\u00e8re \u00e9quilibr\u00e9e ?\",\"datePublished\":\"2026-01-25T07:21:57+00:00\",\"mainEntityOfPage\":{\"@id\":\"https:\\\/\\\/biennourrirsonchien.com\\\/blog\\\/quels-legumes-et-feculents-integrer-dans-une-ration-menagere\\\/\"},\"wordCount\":1270,\"publisher\":{\"@id\":\"https:\\\/\\\/biennourrirsonchien.com\\\/blog\\\/#organization\"},\"image\":{\"@id\":\"https:\\\/\\\/biennourrirsonchien.com\\\/blog\\\/quels-legumes-et-feculents-integrer-dans-une-ration-menagere\\\/#primaryimage\"},\"thumbnailUrl\":\"https:\\\/\\\/biennourrirsonchien.com\\\/blog\\\/wp-content\\\/uploads\\\/2026\\\/01\\\/Quels-legumes-et-feculents-integrer-dans-une-ration-menagere-.jpg\",\"articleSection\":[\"Nourrir son chien\"],\"inLanguage\":\"fr-FR\"},{\"@type\":\"WebPage\",\"@id\":\"https:\\\/\\\/biennourrirsonchien.com\\\/blog\\\/quels-legumes-et-feculents-integrer-dans-une-ration-menagere\\\/\",\"url\":\"https:\\\/\\\/biennourrirsonchien.com\\\/blog\\\/quels-legumes-et-feculents-integrer-dans-une-ration-menagere\\\/\",\"name\":\"\u25b7 Quels l\u00e9gumes et f\u00e9culents choisir pour une ration m\u00e9nag\u00e8re \u00e9quilibr\u00e9e ? (2026)\",\"isPartOf\":{\"@id\":\"https:\\\/\\\/biennourrirsonchien.com\\\/blog\\\/#website\"},\"primaryImageOfPage\":{\"@id\":\"https:\\\/\\\/biennourrirsonchien.com\\\/blog\\\/quels-legumes-et-feculents-integrer-dans-une-ration-menagere\\\/#primaryimage\"},\"image\":{\"@id\":\"https:\\\/\\\/biennourrirsonchien.com\\\/blog\\\/quels-legumes-et-feculents-integrer-dans-une-ration-menagere\\\/#primaryimage\"},\"thumbnailUrl\":\"https:\\\/\\\/biennourrirsonchien.com\\\/blog\\\/wp-content\\\/uploads\\\/2026\\\/01\\\/Quels-legumes-et-feculents-integrer-dans-une-ration-menagere-.jpg\",\"datePublished\":\"2026-01-25T07:21:57+00:00\",\"description\":\"D\u00e9couvrez quels l\u00e9gumes et f\u00e9culents choisir pour une ration m\u00e9nag\u00e8re \u00e9quilibr\u00e9e, savoureuse et adapt\u00e9e \u00e0 toute la famille. Optimisez votre alimentation d\u00e8s maintenant.\",\"breadcrumb\":{\"@id\":\"https:\\\/\\\/biennourrirsonchien.com\\\/blog\\\/quels-legumes-et-feculents-integrer-dans-une-ration-menagere\\\/#breadcrumb\"},\"inLanguage\":\"fr-FR\",\"potentialAction\":[{\"@type\":\"ReadAction\",\"target\":[\"https:\\\/\\\/biennourrirsonchien.com\\\/blog\\\/quels-legumes-et-feculents-integrer-dans-une-ration-menagere\\\/\"]}]},{\"@type\":\"ImageObject\",\"inLanguage\":\"fr-FR\",\"@id\":\"https:\\\/\\\/biennourrirsonchien.com\\\/blog\\\/quels-legumes-et-feculents-integrer-dans-une-ration-menagere\\\/#primaryimage\",\"url\":\"https:\\\/\\\/biennourrirsonchien.com\\\/blog\\\/wp-content\\\/uploads\\\/2026\\\/01\\\/Quels-legumes-et-feculents-integrer-dans-une-ration-menagere-.jpg\",\"contentUrl\":\"https:\\\/\\\/biennourrirsonchien.com\\\/blog\\\/wp-content\\\/uploads\\\/2026\\\/01\\\/Quels-legumes-et-feculents-integrer-dans-une-ration-menagere-.jpg\",\"width\":1152,\"height\":768,\"caption\":\"Quels l\u00e9gumes et f\u00e9culents int\u00e9grer dans une ration m\u00e9nag\u00e8re ?\"},{\"@type\":\"BreadcrumbList\",\"@id\":\"https:\\\/\\\/biennourrirsonchien.com\\\/blog\\\/quels-legumes-et-feculents-integrer-dans-une-ration-menagere\\\/#breadcrumb\",\"itemListElement\":[{\"@type\":\"ListItem\",\"position\":1,\"name\":\"Accueil\",\"item\":\"https:\\\/\\\/biennourrirsonchien.com\\\/blog\\\/\"},{\"@type\":\"ListItem\",\"position\":2,\"name\":\"Nourrir son chien\",\"item\":\"https:\\\/\\\/biennourrirsonchien.com\\\/blog\\\/nourrir-son-chien\\\/\"},{\"@type\":\"ListItem\",\"position\":3,\"name\":\"Quels l\u00e9gumes et f\u00e9culents choisir pour une ration m\u00e9nag\u00e8re \u00e9quilibr\u00e9e ?\"}]},{\"@type\":\"WebSite\",\"@id\":\"https:\\\/\\\/biennourrirsonchien.com\\\/blog\\\/#website\",\"url\":\"https:\\\/\\\/biennourrirsonchien.com\\\/blog\\\/\",\"name\":\"Bien Nourrir Son Chien\",\"description\":\"Une alimentation saine pour mon chien\",\"publisher\":{\"@id\":\"https:\\\/\\\/biennourrirsonchien.com\\\/blog\\\/#organization\"},\"potentialAction\":[{\"@type\":\"SearchAction\",\"target\":{\"@type\":\"EntryPoint\",\"urlTemplate\":\"https:\\\/\\\/biennourrirsonchien.com\\\/blog\\\/?s={search_term_string}\"},\"query-input\":{\"@type\":\"PropertyValueSpecification\",\"valueRequired\":true,\"valueName\":\"search_term_string\"}}],\"inLanguage\":\"fr-FR\"},{\"@type\":\"Organization\",\"@id\":\"https:\\\/\\\/biennourrirsonchien.com\\\/blog\\\/#organization\",\"name\":\"Bien Nourrir Son Chien\",\"url\":\"https:\\\/\\\/biennourrirsonchien.com\\\/blog\\\/\",\"logo\":{\"@type\":\"ImageObject\",\"inLanguage\":\"fr-FR\",\"@id\":\"https:\\\/\\\/biennourrirsonchien.com\\\/blog\\\/#\\\/schema\\\/logo\\\/image\\\/\",\"url\":\"https:\\\/\\\/biennourrirsonchien.com\\\/blog\\\/wp-content\\\/uploads\\\/2025\\\/12\\\/cropped-bien-nourrir-son-chien-com.png\",\"contentUrl\":\"https:\\\/\\\/biennourrirsonchien.com\\\/blog\\\/wp-content\\\/uploads\\\/2025\\\/12\\\/cropped-bien-nourrir-son-chien-com.png\",\"width\":511,\"height\":512,\"caption\":\"Bien Nourrir Son Chien\"},\"image\":{\"@id\":\"https:\\\/\\\/biennourrirsonchien.com\\\/blog\\\/#\\\/schema\\\/logo\\\/image\\\/\"}},{\"@type\":\"Person\",\"@id\":\"https:\\\/\\\/biennourrirsonchien.com\\\/blog\\\/#\\\/schema\\\/person\\\/8717884aab63cdd1e3cf318ebd5f6059\",\"name\":\"Jules\",\"image\":{\"@type\":\"ImageObject\",\"inLanguage\":\"fr-FR\",\"@id\":\"https:\\\/\\\/secure.gravatar.com\\\/avatar\\\/b6ef9a074fea950345e65886b6e2ee9154ec9bab62e99d2348122874560eda61?s=96&d=identicon&r=g\",\"url\":\"https:\\\/\\\/secure.gravatar.com\\\/avatar\\\/b6ef9a074fea950345e65886b6e2ee9154ec9bab62e99d2348122874560eda61?s=96&d=identicon&r=g\",\"contentUrl\":\"https:\\\/\\\/secure.gravatar.com\\\/avatar\\\/b6ef9a074fea950345e65886b6e2ee9154ec9bab62e99d2348122874560eda61?s=96&d=identicon&r=g\",\"caption\":\"Jules\"},\"sameAs\":[\"https:\\\/\\\/biennourrirsonchien.com\"]}]}<\/script>\n<!-- \/ Yoast SEO plugin. -->","yoast_head_json":{"title":"\u25b7 Quels l\u00e9gumes et f\u00e9culents choisir pour une ration m\u00e9nag\u00e8re \u00e9quilibr\u00e9e ? (2026)","description":"D\u00e9couvrez quels l\u00e9gumes et f\u00e9culents choisir pour une ration m\u00e9nag\u00e8re \u00e9quilibr\u00e9e, savoureuse et adapt\u00e9e \u00e0 toute la famille. Optimisez votre alimentation d\u00e8s maintenant.","robots":{"index":"index","follow":"follow","max-snippet":"max-snippet:-1","max-image-preview":"max-image-preview:large","max-video-preview":"max-video-preview:-1"},"canonical":"https:\/\/biennourrirsonchien.com\/blog\/quels-legumes-et-feculents-integrer-dans-une-ration-menagere\/","og_locale":"fr_FR","og_type":"article","og_title":"\u25b7 Quels l\u00e9gumes et f\u00e9culents choisir pour une ration m\u00e9nag\u00e8re \u00e9quilibr\u00e9e ? (2026)","og_description":"D\u00e9couvrez quels l\u00e9gumes et f\u00e9culents choisir pour une ration m\u00e9nag\u00e8re \u00e9quilibr\u00e9e, savoureuse et adapt\u00e9e \u00e0 toute la famille. Optimisez votre alimentation d\u00e8s maintenant.","og_url":"https:\/\/biennourrirsonchien.com\/blog\/quels-legumes-et-feculents-integrer-dans-une-ration-menagere\/","og_site_name":"Bien Nourrir Son Chien","article_published_time":"2026-01-25T07:21:57+00:00","og_image":[{"width":1152,"height":768,"url":"https:\/\/biennourrirsonchien.com\/blog\/wp-content\/uploads\/2026\/01\/Quels-legumes-et-feculents-integrer-dans-une-ration-menagere-.jpg","type":"image\/jpeg"}],"author":"Jules","twitter_card":"summary_large_image","twitter_misc":{"\u00c9crit par":"Jules","Dur\u00e9e de lecture estim\u00e9e":"6 minutes"},"schema":{"@context":"https:\/\/schema.org","@graph":[{"@type":"Article","@id":"https:\/\/biennourrirsonchien.com\/blog\/quels-legumes-et-feculents-integrer-dans-une-ration-menagere\/#article","isPartOf":{"@id":"https:\/\/biennourrirsonchien.com\/blog\/quels-legumes-et-feculents-integrer-dans-une-ration-menagere\/"},"author":{"name":"Jules","@id":"https:\/\/biennourrirsonchien.com\/blog\/#\/schema\/person\/8717884aab63cdd1e3cf318ebd5f6059"},"headline":"Quels l\u00e9gumes et f\u00e9culents choisir pour une ration m\u00e9nag\u00e8re \u00e9quilibr\u00e9e ?","datePublished":"2026-01-25T07:21:57+00:00","mainEntityOfPage":{"@id":"https:\/\/biennourrirsonchien.com\/blog\/quels-legumes-et-feculents-integrer-dans-une-ration-menagere\/"},"wordCount":1270,"publisher":{"@id":"https:\/\/biennourrirsonchien.com\/blog\/#organization"},"image":{"@id":"https:\/\/biennourrirsonchien.com\/blog\/quels-legumes-et-feculents-integrer-dans-une-ration-menagere\/#primaryimage"},"thumbnailUrl":"https:\/\/biennourrirsonchien.com\/blog\/wp-content\/uploads\/2026\/01\/Quels-legumes-et-feculents-integrer-dans-une-ration-menagere-.jpg","articleSection":["Nourrir son chien"],"inLanguage":"fr-FR"},{"@type":"WebPage","@id":"https:\/\/biennourrirsonchien.com\/blog\/quels-legumes-et-feculents-integrer-dans-une-ration-menagere\/","url":"https:\/\/biennourrirsonchien.com\/blog\/quels-legumes-et-feculents-integrer-dans-une-ration-menagere\/","name":"\u25b7 Quels l\u00e9gumes et f\u00e9culents choisir pour une ration m\u00e9nag\u00e8re \u00e9quilibr\u00e9e ? (2026)","isPartOf":{"@id":"https:\/\/biennourrirsonchien.com\/blog\/#website"},"primaryImageOfPage":{"@id":"https:\/\/biennourrirsonchien.com\/blog\/quels-legumes-et-feculents-integrer-dans-une-ration-menagere\/#primaryimage"},"image":{"@id":"https:\/\/biennourrirsonchien.com\/blog\/quels-legumes-et-feculents-integrer-dans-une-ration-menagere\/#primaryimage"},"thumbnailUrl":"https:\/\/biennourrirsonchien.com\/blog\/wp-content\/uploads\/2026\/01\/Quels-legumes-et-feculents-integrer-dans-une-ration-menagere-.jpg","datePublished":"2026-01-25T07:21:57+00:00","description":"D\u00e9couvrez quels l\u00e9gumes et f\u00e9culents choisir pour une ration m\u00e9nag\u00e8re \u00e9quilibr\u00e9e, savoureuse et adapt\u00e9e \u00e0 toute la famille. Optimisez votre alimentation d\u00e8s maintenant.","breadcrumb":{"@id":"https:\/\/biennourrirsonchien.com\/blog\/quels-legumes-et-feculents-integrer-dans-une-ration-menagere\/#breadcrumb"},"inLanguage":"fr-FR","potentialAction":[{"@type":"ReadAction","target":["https:\/\/biennourrirsonchien.com\/blog\/quels-legumes-et-feculents-integrer-dans-une-ration-menagere\/"]}]},{"@type":"ImageObject","inLanguage":"fr-FR","@id":"https:\/\/biennourrirsonchien.com\/blog\/quels-legumes-et-feculents-integrer-dans-une-ration-menagere\/#primaryimage","url":"https:\/\/biennourrirsonchien.com\/blog\/wp-content\/uploads\/2026\/01\/Quels-legumes-et-feculents-integrer-dans-une-ration-menagere-.jpg","contentUrl":"https:\/\/biennourrirsonchien.com\/blog\/wp-content\/uploads\/2026\/01\/Quels-legumes-et-feculents-integrer-dans-une-ration-menagere-.jpg","width":1152,"height":768,"caption":"Quels l\u00e9gumes et f\u00e9culents int\u00e9grer dans une ration m\u00e9nag\u00e8re ?"},{"@type":"BreadcrumbList","@id":"https:\/\/biennourrirsonchien.com\/blog\/quels-legumes-et-feculents-integrer-dans-une-ration-menagere\/#breadcrumb","itemListElement":[{"@type":"ListItem","position":1,"name":"Accueil","item":"https:\/\/biennourrirsonchien.com\/blog\/"},{"@type":"ListItem","position":2,"name":"Nourrir son chien","item":"https:\/\/biennourrirsonchien.com\/blog\/nourrir-son-chien\/"},{"@type":"ListItem","position":3,"name":"Quels l\u00e9gumes et f\u00e9culents choisir pour une ration m\u00e9nag\u00e8re \u00e9quilibr\u00e9e ?"}]},{"@type":"WebSite","@id":"https:\/\/biennourrirsonchien.com\/blog\/#website","url":"https:\/\/biennourrirsonchien.com\/blog\/","name":"Bien Nourrir Son Chien","description":"Une alimentation saine pour mon chien","publisher":{"@id":"https:\/\/biennourrirsonchien.com\/blog\/#organization"},"potentialAction":[{"@type":"SearchAction","target":{"@type":"EntryPoint","urlTemplate":"https:\/\/biennourrirsonchien.com\/blog\/?s={search_term_string}"},"query-input":{"@type":"PropertyValueSpecification","valueRequired":true,"valueName":"search_term_string"}}],"inLanguage":"fr-FR"},{"@type":"Organization","@id":"https:\/\/biennourrirsonchien.com\/blog\/#organization","name":"Bien Nourrir Son Chien","url":"https:\/\/biennourrirsonchien.com\/blog\/","logo":{"@type":"ImageObject","inLanguage":"fr-FR","@id":"https:\/\/biennourrirsonchien.com\/blog\/#\/schema\/logo\/image\/","url":"https:\/\/biennourrirsonchien.com\/blog\/wp-content\/uploads\/2025\/12\/cropped-bien-nourrir-son-chien-com.png","contentUrl":"https:\/\/biennourrirsonchien.com\/blog\/wp-content\/uploads\/2025\/12\/cropped-bien-nourrir-son-chien-com.png","width":511,"height":512,"caption":"Bien Nourrir Son Chien"},"image":{"@id":"https:\/\/biennourrirsonchien.com\/blog\/#\/schema\/logo\/image\/"}},{"@type":"Person","@id":"https:\/\/biennourrirsonchien.com\/blog\/#\/schema\/person\/8717884aab63cdd1e3cf318ebd5f6059","name":"Jules","image":{"@type":"ImageObject","inLanguage":"fr-FR","@id":"https:\/\/secure.gravatar.com\/avatar\/b6ef9a074fea950345e65886b6e2ee9154ec9bab62e99d2348122874560eda61?s=96&d=identicon&r=g","url":"https:\/\/secure.gravatar.com\/avatar\/b6ef9a074fea950345e65886b6e2ee9154ec9bab62e99d2348122874560eda61?s=96&d=identicon&r=g","contentUrl":"https:\/\/secure.gravatar.com\/avatar\/b6ef9a074fea950345e65886b6e2ee9154ec9bab62e99d2348122874560eda61?s=96&d=identicon&r=g","caption":"Jules"},"sameAs":["https:\/\/biennourrirsonchien.com"]}]}},"_links":{"self":[{"href":"https:\/\/biennourrirsonchien.com\/blog\/wp-json\/wp\/v2\/posts\/4619","targetHints":{"allow":["GET"]}}],"collection":[{"href":"https:\/\/biennourrirsonchien.com\/blog\/wp-json\/wp\/v2\/posts"}],"about":[{"href":"https:\/\/biennourrirsonchien.com\/blog\/wp-json\/wp\/v2\/types\/post"}],"author":[{"embeddable":true,"href":"https:\/\/biennourrirsonchien.com\/blog\/wp-json\/wp\/v2\/users\/2"}],"replies":[{"embeddable":true,"href":"https:\/\/biennourrirsonchien.com\/blog\/wp-json\/wp\/v2\/comments?post=4619"}],"version-history":[{"count":0,"href":"https:\/\/biennourrirsonchien.com\/blog\/wp-json\/wp\/v2\/posts\/4619\/revisions"}],"wp:featuredmedia":[{"embeddable":true,"href":"https:\/\/biennourrirsonchien.com\/blog\/wp-json\/wp\/v2\/media\/4618"}],"wp:attachment":[{"href":"https:\/\/biennourrirsonchien.com\/blog\/wp-json\/wp\/v2\/media?parent=4619"}],"wp:term":[{"taxonomy":"category","embeddable":true,"href":"https:\/\/biennourrirsonchien.com\/blog\/wp-json\/wp\/v2\/categories?post=4619"},{"taxonomy":"post_tag","embeddable":true,"href":"https:\/\/biennourrirsonchien.com\/blog\/wp-json\/wp\/v2\/tags?post=4619"}],"curies":[{"name":"wp","href":"https:\/\/api.w.org\/{rel}","templated":true}]}}